{"id":1296,"date":"2023-01-10T09:20:00","date_gmt":"2023-01-10T08:20:00","guid":{"rendered":"https:\/\/bvder.nl\/?p=1296"},"modified":"2023-02-16T11:12:39","modified_gmt":"2023-02-16T10:12:39","slug":"bas-van-den-ende-recyclage-se-developpe-acquisition-de-plastic-recycling-company","status":"publish","type":"post","link":"https:\/\/bvder.nl\/fr\/bas-van-den-ende-recyclage-se-developpe-acquisition-de-plastic-recycling-company\/","title":{"rendered":"Bas van den Ende Recyclage se d\u00e9veloppe : Acquisition de Plastic Recycling Company"},"content":{"rendered":"\t\t<div data-elementor-type=\"wp-post\" data-elementor-id=\"1296\" class=\"elementor elementor-1296 elementor-1269\" data-elementor-post-type=\"post\">\n\t\t\t\t\t\t<section class=\"elementor-section elementor-top-section elementor-element elementor-element-4b58e88 elementor-section-boxed elementor-section-height-default elementor-section-height-default\" data-id=\"4b58e88\" data-element_type=\"section\" data-e-type=\"section\">\n\t\t\t\t\t\t<div class=\"elementor-container elementor-column-gap-default\">\n\t\t\t\t\t<div class=\"elementor-column elementor-col-100 elementor-top-column elementor-element elementor-element-ca02671\" data-id=\"ca02671\" data-element_type=\"column\" data-e-type=\"column\">\n\t\t\t<div class=\"elementor-widget-wrap elementor-element-populated\">\n\t\t\t\t\t\t<div class=\"elementor-element elementor-element-ac66dc5 elementor-widget elementor-widget-text-editor\" data-id=\"ac66dc5\" data-element_type=\"widget\" data-e-type=\"widget\" data-widget_type=\"text-editor.default\">\n\t\t\t\t<div class=\"elementor-widget-container\">\n\t\t\t\t\t\t\t\t\t<p>Bas van den Ende Recycling (BVDER), bas\u00e9 \u00e0 Hoek van Holland, a acquis Plastic Recycling Company (PRC), bas\u00e9e \u00e0 Schijndel. BVDER devient ainsi propri\u00e9taire \u00e0 100% de PRC. La reprise de PRC s&rsquo;inscrit dans la strat\u00e9gie de croissance de BVDER, acteur majeur du recyclage des plastiques (durs). Cette reprise permet d&rsquo;organiser et de d\u00e9velopper plus efficacement les activit\u00e9s op\u00e9rationnelles. BVDER fait ainsi un pas de plus vers une couverture nationale.<\/p><p>Dennis Jorissen, ancien propri\u00e9taire de PRC, rejoindra le conseil d&rsquo;administration de BVDER. Le nom de l&rsquo;entreprise sera chang\u00e9 en Bas van den Ende Recycling emplacement Schijndel. Le nombre de m2 du site de Schijndel passera de 8 000 \u00e0 27 000 m2 apr\u00e8s le rachat. Rien d&rsquo;autre ne changera pour les employ\u00e9s de PRC.<\/p>\t\t\t\t\t\t\t\t<\/div>\n\t\t\t\t<\/div>\n\t\t\t\t<div class=\"elementor-element elementor-element-8ad295d elementor-widget elementor-widget-heading\" data-id=\"8ad295d\" data-element_type=\"widget\" data-e-type=\"widget\" data-widget_type=\"heading.default\">\n\t\t\t\t<div class=\"elementor-widget-container\">\n\t\t\t\t\t<h2 class=\"elementor-heading-title elementor-size-default\">BVDER Schijndel<\/h2>\t\t\t\t<\/div>\n\t\t\t\t<\/div>\n\t\t\t\t<div class=\"elementor-element elementor-element-1b5c787 elementor-widget elementor-widget-text-editor\" data-id=\"1b5c787\" data-element_type=\"widget\" data-e-type=\"widget\" data-widget_type=\"text-editor.default\">\n\t\t\t\t<div class=\"elementor-widget-container\">\n\t\t\t\t\t\t\t\t\t<p>Une entreprise leader dans le domaine du recyclage des plastiques durs.<\/p><p>Sur la base de la vision \u00ab People, Planet and Profit \u00bb, elle \u0153uvre en faveur d&rsquo;un avenir circulaire. Outre le secteur de la transformation des mati\u00e8res plastiques pour les meubles de jardin, les caisses en polypropyl\u00e8ne et les pare-chocs, BVDER Schijndel poss\u00e8de \u00e9galement un secteur commercial.<\/p>\t\t\t\t\t\t\t\t<\/div>\n\t\t\t\t<\/div>\n\t\t\t\t<div class=\"elementor-element elementor-element-0473daa elementor-widget elementor-widget-heading\" data-id=\"0473daa\" data-element_type=\"widget\" data-e-type=\"widget\" data-widget_type=\"heading.default\">\n\t\t\t\t<div class=\"elementor-widget-container\">\n\t\t\t\t\t<h2 class=\"elementor-heading-title elementor-size-default\">BVDER Hoek van Holland<\/h2>\t\t\t\t<\/div>\n\t\t\t\t<\/div>\n\t\t\t\t<div class=\"elementor-element elementor-element-7b21cc1 elementor-widget elementor-widget-text-editor\" data-id=\"7b21cc1\" data-element_type=\"widget\" data-e-type=\"widget\" data-widget_type=\"text-editor.default\">\n\t\t\t\t<div class=\"elementor-widget-container\">\n\t\t\t\t\t\t\t\t\t<p>Une entreprise de transformation de premier plan, dot\u00e9e des derni\u00e8res machines et technologies, pour s\u00e9parer et convertir correctement de plus en plus de mati\u00e8res premi\u00e8res en mat\u00e9riaux de broyage de haute qualit\u00e9. BVDER investit continuellement dans du personnel qualifi\u00e9 et enthousiaste, et dans des lignes de production. Une ligne de recyclage de \u00ab Big Bags \u00bb a r\u00e9cemment \u00e9t\u00e9 mise en place.<\/p>\t\t\t\t\t\t\t\t<\/div>\n\t\t\t\t<\/div>\n\t\t\t\t<div class=\"elementor-element elementor-element-6f0b837 elementor-widget elementor-widget-heading\" data-id=\"6f0b837\" data-element_type=\"widget\" data-e-type=\"widget\" data-widget_type=\"heading.default\">\n\t\t\t\t<div class=\"elementor-widget-container\">\n\t\t\t\t\t<h2 class=\"elementor-heading-title elementor-size-default\">Bas van den Ende<\/h2>\t\t\t\t<\/div>\n\t\t\t\t<\/div>\n\t\t\t\t<div class=\"elementor-element elementor-element-52fb78f elementor-widget elementor-widget-text-editor\" data-id=\"52fb78f\" data-element_type=\"widget\" data-e-type=\"widget\" data-widget_type=\"text-editor.default\">\n\t\t\t\t<div class=\"elementor-widget-container\">\n\t\t\t\t\t\t\t\t\t<p>\u00ab Nous sommes pr\u00eats \u00e0 passer \u00e0 l&rsquo;\u00e9tape suivante pour servir encore mieux nos clients. Le rachat permettra de faire passer l&rsquo;\u00e9quipe \u00e0 65 employ\u00e9s avec lesquels nous ne traiterons pas moins de 90 000 tonnes de produits pour 2023. \u00bb<\/p>\t\t\t\t\t\t\t\t<\/div>\n\t\t\t\t<\/div>\n\t\t\t\t<div class=\"elementor-element elementor-element-06346b6 elementor-widget elementor-widget-heading\" data-id=\"06346b6\" data-element_type=\"widget\" data-e-type=\"widget\" data-widget_type=\"heading.default\">\n\t\t\t\t<div class=\"elementor-widget-container\">\n\t\t\t\t\t<h2 class=\"elementor-heading-title elementor-size-default\">Dennis Jorissen<\/h2>\t\t\t\t<\/div>\n\t\t\t\t<\/div>\n\t\t\t\t<div class=\"elementor-element elementor-element-8547a9c elementor-widget elementor-widget-text-editor\" data-id=\"8547a9c\" data-element_type=\"widget\" data-e-type=\"widget\" data-widget_type=\"text-editor.default\">\n\t\t\t\t<div class=\"elementor-widget-container\">\n\t\t\t\t\t\t\t\t\t<p>\u00ab Je suis heureux de cette acquisition. Elle nous permet d&rsquo;assurer notre croissance future et d&rsquo;optimiser encore mieux les processus de production, en garantissant la qualit\u00e9. \u00bb<\/p><p>Les parties ont \u00e9t\u00e9 assist\u00e9es par YEALD tout au long du processus, ce que Bas et Dennis ont trouv\u00e9 tr\u00e8s agr\u00e9able.\u00a0<\/p>\t\t\t\t\t\t\t\t<\/div>\n\t\t\t\t<\/div>\n\t\t\t\t<div class=\"elementor-element elementor-element-899d808 elementor-widget elementor-widget-image\" data-id=\"899d808\" data-element_type=\"widget\" data-e-type=\"widget\" data-widget_type=\"image.default\">\n\t\t\t\t<div class=\"elementor-widget-container\">\n\t\t\t\t\t\t\t\t\t\t\t\t\t\t\t<img fetchpriority=\"high\" decoding=\"async\" width=\"800\" height=\"800\" src=\"https:\/\/bvder.nl\/wp-content\/uploads\/2023\/01\/BVDER_Overname3-1024x1024.jpg\" class=\"attachment-large size-large wp-image-1297\" alt=\"\" srcset=\"https:\/\/bvder.nl\/wp-content\/uploads\/2023\/01\/BVDER_Overname3-1024x1024.jpg 1024w, https:\/\/bvder.nl\/wp-content\/uploads\/2023\/01\/BVDER_Overname3-300x300.jpg 300w, https:\/\/bvder.nl\/wp-content\/uploads\/2023\/01\/BVDER_Overname3-150x150.jpg 150w, https:\/\/bvder.nl\/wp-content\/uploads\/2023\/01\/BVDER_Overname3-768x768.jpg 768w, https:\/\/bvder.nl\/wp-content\/uploads\/2023\/01\/BVDER_Overname3-1536x1536.jpg 1536w, https:\/\/bvder.nl\/wp-content\/uploads\/2023\/01\/BVDER_Overname3-2048x2048.jpg 2048w\" sizes=\"(max-width: 800px) 100vw, 800px\" \/>\t\t\t\t\t\t\t\t\t\t\t\t\t\t\t<\/div>\n\t\t\t\t<\/div>\n\t\t\t\t\t<\/div>\n\t\t<\/div>\n\t\t\t\t\t<\/div>\n\t\t<\/section>\n\t\t\t\t<\/div>\n\t\t","protected":false},"excerpt":{"rendered":"<p>Bas van den Ende Recycling (BVDER), bas\u00e9 \u00e0 Hoek van Holland, a acquis Plastic Recycling Company (PRC), bas\u00e9e \u00e0 Schijndel. BVDER devient ainsi propri\u00e9taire \u00e0 100% de PRC. La reprise de PRC s&rsquo;inscrit dans la strat\u00e9gie de croissance de BVDER, acteur majeur du recyclage des plastiques (durs). Cette reprise permet d&rsquo;organiser et de d\u00e9velopper plus [&hellip;]<\/p>\n","protected":false},"author":1,"featured_media":0,"comment_status":"closed","ping_status":"closed","sticky":false,"template":"","format":"standard","meta":{"footnotes":""},"categories":[14],"tags":[],"class_list":["post-1296","post","type-post","status-publish","format-standard","hentry","category-non-classifiee"],"_links":{"self":[{"href":"https:\/\/bvder.nl\/fr\/wp-json\/wp\/v2\/posts\/1296","targetHints":{"allow":["GET"]}}],"collection":[{"href":"https:\/\/bvder.nl\/fr\/wp-json\/wp\/v2\/posts"}],"about":[{"href":"https:\/\/bvder.nl\/fr\/wp-json\/wp\/v2\/types\/post"}],"author":[{"embeddable":true,"href":"https:\/\/bvder.nl\/fr\/wp-json\/wp\/v2\/users\/1"}],"replies":[{"embeddable":true,"href":"https:\/\/bvder.nl\/fr\/wp-json\/wp\/v2\/comments?post=1296"}],"version-history":[{"count":0,"href":"https:\/\/bvder.nl\/fr\/wp-json\/wp\/v2\/posts\/1296\/revisions"}],"wp:attachment":[{"href":"https:\/\/bvder.nl\/fr\/wp-json\/wp\/v2\/media?parent=1296"}],"wp:term":[{"taxonomy":"category","embeddable":true,"href":"https:\/\/bvder.nl\/fr\/wp-json\/wp\/v2\/categories?post=1296"},{"taxonomy":"post_tag","embeddable":true,"href":"https:\/\/bvder.nl\/fr\/wp-json\/wp\/v2\/tags?post=1296"}],"curies":[{"name":"wp","href":"https:\/\/api.w.org\/{rel}","templated":true}]}}