{"id":1304,"date":"2023-01-10T09:20:00","date_gmt":"2023-01-10T08:20:00","guid":{"rendered":"https:\/\/bvder.nl\/?p=1304"},"modified":"2023-02-16T11:12:52","modified_gmt":"2023-02-16T10:12:52","slug":"bas-van-den-ende-recycling-baut-weiter-aus-ubernahme-plastic-recycling-company","status":"publish","type":"post","link":"https:\/\/bvder.nl\/de\/bas-van-den-ende-recycling-baut-weiter-aus-ubernahme-plastic-recycling-company\/","title":{"rendered":"Bas van den Ende Recycling baut weiter aus: \u00dcbernahme Plastic Recycling Company"},"content":{"rendered":"\t\t<div data-elementor-type=\"wp-post\" data-elementor-id=\"1304\" class=\"elementor elementor-1304 elementor-1269\" data-elementor-post-type=\"post\">\n\t\t\t\t\t\t<section class=\"elementor-section elementor-top-section elementor-element elementor-element-4b58e88 elementor-section-boxed elementor-section-height-default elementor-section-height-default\" data-id=\"4b58e88\" data-element_type=\"section\" data-e-type=\"section\">\n\t\t\t\t\t\t<div class=\"elementor-container elementor-column-gap-default\">\n\t\t\t\t\t<div class=\"elementor-column elementor-col-100 elementor-top-column elementor-element elementor-element-ca02671\" data-id=\"ca02671\" data-element_type=\"column\" data-e-type=\"column\">\n\t\t\t<div class=\"elementor-widget-wrap elementor-element-populated\">\n\t\t\t\t\t\t<div class=\"elementor-element elementor-element-ac66dc5 elementor-widget elementor-widget-text-editor\" data-id=\"ac66dc5\" data-element_type=\"widget\" data-e-type=\"widget\" data-widget_type=\"text-editor.default\">\n\t\t\t\t<div class=\"elementor-widget-container\">\n\t\t\t\t\t\t\t\t\t<p>Das in Hoek van Holland ans\u00e4ssige Unternehmen Bas van den Ende Recycling (BVDER) hat die in Schijndel ans\u00e4ssige Plastic Recycling Company (PRC) \u00fcbernommen. Damit ist BVDER Alleinaktion\u00e4r der PRC geworden. Die \u00dcbernahme der PRC entspricht der Wachstumsstrategie von BVDER; der Marktf\u00fchrer im Recycling von (Hart) Kunststoff. Dank dieser \u00dcbernahme k\u00f6nnen die operativen Aktivit\u00e4ten effizienter organisiert und ausgebaut werden. Dar\u00fcber hinaus macht die BVDER einen guten Schritt in Richtung landesweiter Abdeckung.<\/p><p>\u00a0<\/p><p>Dennis Jorissen, ehemaliger Eigent\u00fcmer von PRC, wird Mitglied des Vorstands der BVDER. Der Name des Unternehmens wird in Bas van den Ende Recycling Standort Schijndel ge\u00e4ndert. Die Quadratmeterzahl am Standort Schijndel wird nach der \u00dcbernahme von 8.000 auf 27.000 m2 erh\u00f6ht. F\u00fcr die PRC-Mitarbeiter \u00e4ndert sich nichts.<\/p>\t\t\t\t\t\t\t\t<\/div>\n\t\t\t\t<\/div>\n\t\t\t\t<div class=\"elementor-element elementor-element-8ad295d elementor-widget elementor-widget-heading\" data-id=\"8ad295d\" data-element_type=\"widget\" data-e-type=\"widget\" data-widget_type=\"heading.default\">\n\t\t\t\t<div class=\"elementor-widget-container\">\n\t\t\t\t\t<h2 class=\"elementor-heading-title elementor-size-default\">BVDER Schijndel<\/h2>\t\t\t\t<\/div>\n\t\t\t\t<\/div>\n\t\t\t\t<div class=\"elementor-element elementor-element-1b5c787 elementor-widget elementor-widget-text-editor\" data-id=\"1b5c787\" data-element_type=\"widget\" data-e-type=\"widget\" data-widget_type=\"text-editor.default\">\n\t\t\t\t<div class=\"elementor-widget-container\">\n\t\t\t\t\t\t\t\t\t<p>Ein f\u00fchrendes Unternehmen, wenn es Recycling von Hartkunststoffe betrifft.<\/p><p>Basierend auf der Vision People, Planet and Profit arbeitetdas Unternehmen an einer zirkul\u00e4ren Zukunft. Neben dem Bereich Kunststoffverarbeitung f\u00fcr Gartenm\u00f6bel, PP-Kisten und Sto\u00dfstangen ist BVDER Schijndel auch t\u00e4tig im Bereich Handel von Altkunststoffe.<\/p>\t\t\t\t\t\t\t\t<\/div>\n\t\t\t\t<\/div>\n\t\t\t\t<div class=\"elementor-element elementor-element-0473daa elementor-widget elementor-widget-heading\" data-id=\"0473daa\" data-element_type=\"widget\" data-e-type=\"widget\" data-widget_type=\"heading.default\">\n\t\t\t\t<div class=\"elementor-widget-container\">\n\t\t\t\t\t<h2 class=\"elementor-heading-title elementor-size-default\">BVDER Hoek van Holland<\/h2>\t\t\t\t<\/div>\n\t\t\t\t<\/div>\n\t\t\t\t<div class=\"elementor-element elementor-element-7b21cc1 elementor-widget elementor-widget-text-editor\" data-id=\"7b21cc1\" data-element_type=\"widget\" data-e-type=\"widget\" data-widget_type=\"text-editor.default\">\n\t\t\t\t<div class=\"elementor-widget-container\">\n\t\t\t\t\t\t\t\t\t<p>Ein f\u00fchrendes Recyclingunternehmen, das \u00fcber die neuesten Maschinen und Techniken verf\u00fcgt, um immer mehr Rohstoffe sachgerecht zu trennen und in hochwertiges Mahlgut umzuwandeln. BVDER investiert fortlaufend in qualifiziertes, motiviertes Personal und in die Produktionslinien. K\u00fcrzlich wurde eine Linie f\u00fcr das Recycling von Big Bags in Betrieb genommen.<\/p>\t\t\t\t\t\t\t\t<\/div>\n\t\t\t\t<\/div>\n\t\t\t\t<div class=\"elementor-element elementor-element-6f0b837 elementor-widget elementor-widget-heading\" data-id=\"6f0b837\" data-element_type=\"widget\" data-e-type=\"widget\" data-widget_type=\"heading.default\">\n\t\t\t\t<div class=\"elementor-widget-container\">\n\t\t\t\t\t<h2 class=\"elementor-heading-title elementor-size-default\">Bas van den Ende<\/h2>\t\t\t\t<\/div>\n\t\t\t\t<\/div>\n\t\t\t\t<div class=\"elementor-element elementor-element-52fb78f elementor-widget elementor-widget-text-editor\" data-id=\"52fb78f\" data-element_type=\"widget\" data-e-type=\"widget\" data-widget_type=\"text-editor.default\">\n\t\t\t\t<div class=\"elementor-widget-container\">\n\t\t\t\t\t\t\t\t\t<p>\u201eWir sind bereit f\u00fcr den n\u00e4chsten Schritt, um unsere Kunden noch besser bedienen zu k\u00f6nnen. Durch die \u00dcbernahme w\u00e4chst das Team auf 65 Mitarbeiter, mit denen wir im Jahr 2023 nicht weniger als 90.000 Tonnen Produkt verarbeiten werden.\u201c<\/p>\t\t\t\t\t\t\t\t<\/div>\n\t\t\t\t<\/div>\n\t\t\t\t<div class=\"elementor-element elementor-element-06346b6 elementor-widget elementor-widget-heading\" data-id=\"06346b6\" data-element_type=\"widget\" data-e-type=\"widget\" data-widget_type=\"heading.default\">\n\t\t\t\t<div class=\"elementor-widget-container\">\n\t\t\t\t\t<h2 class=\"elementor-heading-title elementor-size-default\">Dennis Jorissen<\/h2>\t\t\t\t<\/div>\n\t\t\t\t<\/div>\n\t\t\t\t<div class=\"elementor-element elementor-element-8547a9c elementor-widget elementor-widget-text-editor\" data-id=\"8547a9c\" data-element_type=\"widget\" data-e-type=\"widget\" data-widget_type=\"text-editor.default\">\n\t\t\t\t<div class=\"elementor-widget-container\">\n\t\t\t\t\t\t\t\t\t<p>\u201eIch freue mich \u00fcber diese \u00dcbernahme. Dadurch k\u00f6nnen wir Wachstum in der Zukunft erm\u00f6glichen und die Produktionsprozesse noch besser optimieren, damit die Qualit\u00e4t gew\u00e4hrleistet bleibt.\u201c<\/p><p>Die Parteien wurden w\u00e4hrend des Prozesses von YEALD unterst\u00fctzt, was Bas und Dennis als sehr angenehm empfanden.\u00a0<\/p>\t\t\t\t\t\t\t\t<\/div>\n\t\t\t\t<\/div>\n\t\t\t\t<div class=\"elementor-element elementor-element-899d808 elementor-widget elementor-widget-image\" data-id=\"899d808\" data-element_type=\"widget\" data-e-type=\"widget\" data-widget_type=\"image.default\">\n\t\t\t\t<div class=\"elementor-widget-container\">\n\t\t\t\t\t\t\t\t\t\t\t\t\t\t\t<img fetchpriority=\"high\" decoding=\"async\" width=\"800\" height=\"800\" src=\"https:\/\/bvder.nl\/wp-content\/uploads\/2023\/01\/BVDER_Overname-1024x1024.jpg\" class=\"attachment-large size-large wp-image-1305\" alt=\"\" srcset=\"https:\/\/bvder.nl\/wp-content\/uploads\/2023\/01\/BVDER_Overname-1024x1024.jpg 1024w, https:\/\/bvder.nl\/wp-content\/uploads\/2023\/01\/BVDER_Overname-300x300.jpg 300w, https:\/\/bvder.nl\/wp-content\/uploads\/2023\/01\/BVDER_Overname-150x150.jpg 150w, https:\/\/bvder.nl\/wp-content\/uploads\/2023\/01\/BVDER_Overname-768x768.jpg 768w, https:\/\/bvder.nl\/wp-content\/uploads\/2023\/01\/BVDER_Overname-1536x1536.jpg 1536w, https:\/\/bvder.nl\/wp-content\/uploads\/2023\/01\/BVDER_Overname-2048x2048.jpg 2048w\" sizes=\"(max-width: 800px) 100vw, 800px\" \/>\t\t\t\t\t\t\t\t\t\t\t\t\t\t\t<\/div>\n\t\t\t\t<\/div>\n\t\t\t\t\t<\/div>\n\t\t<\/div>\n\t\t\t\t\t<\/div>\n\t\t<\/section>\n\t\t\t\t<\/div>\n\t\t","protected":false},"excerpt":{"rendered":"<p>Das in Hoek van Holland ans\u00e4ssige Unternehmen Bas van den Ende Recycling (BVDER) hat die in Schijndel ans\u00e4ssige Plastic Recycling Company (PRC) \u00fcbernommen. Damit ist BVDER Alleinaktion\u00e4r der PRC geworden. Die \u00dcbernahme der PRC entspricht der Wachstumsstrategie von BVDER; der Marktf\u00fchrer im Recycling von (Hart) Kunststoff. Dank dieser \u00dcbernahme k\u00f6nnen die operativen Aktivit\u00e4ten effizienter organisiert [&hellip;]<\/p>\n","protected":false},"author":1,"featured_media":0,"comment_status":"closed","ping_status":"closed","sticky":false,"template":"","format":"standard","meta":{"footnotes":""},"categories":[13],"tags":[],"class_list":["post-1304","post","type-post","status-publish","format-standard","hentry","category-unkategorisiert"],"_links":{"self":[{"href":"https:\/\/bvder.nl\/de\/wp-json\/wp\/v2\/posts\/1304","targetHints":{"allow":["GET"]}}],"collection":[{"href":"https:\/\/bvder.nl\/de\/wp-json\/wp\/v2\/posts"}],"about":[{"href":"https:\/\/bvder.nl\/de\/wp-json\/wp\/v2\/types\/post"}],"author":[{"embeddable":true,"href":"https:\/\/bvder.nl\/de\/wp-json\/wp\/v2\/users\/1"}],"replies":[{"embeddable":true,"href":"https:\/\/bvder.nl\/de\/wp-json\/wp\/v2\/comments?post=1304"}],"version-history":[{"count":0,"href":"https:\/\/bvder.nl\/de\/wp-json\/wp\/v2\/posts\/1304\/revisions"}],"wp:attachment":[{"href":"https:\/\/bvder.nl\/de\/wp-json\/wp\/v2\/media?parent=1304"}],"wp:term":[{"taxonomy":"category","embeddable":true,"href":"https:\/\/bvder.nl\/de\/wp-json\/wp\/v2\/categories?post=1304"},{"taxonomy":"post_tag","embeddable":true,"href":"https:\/\/bvder.nl\/de\/wp-json\/wp\/v2\/tags?post=1304"}],"curies":[{"name":"wp","href":"https:\/\/api.w.org\/{rel}","templated":true}]}}